{"id":292,"__str__":"Ordem: Ordem do Dia/Expediente: 13 - Indica\u00e7\u00e3o n\u00ba 252 de 2025 em 64\u00aa Sess\u00e3o Ordin\u00e1ria da 1\u00aa Sess\u00e3o Legislativa da 8\u00aa Legislatura - Requerente: Ver. Victor Santos - Mat\u00e9ria: Indica\u00e7\u00e3o n\u00ba 252 de 2025","link_detail_backend":"/sessao/retiradapauta/292","metadata":{},"data":"2025-11-11","observacao":"Retirada de pauta por solicita\u00e7\u00e3o verbal do vereador autor.","materia":4606,"sessao_plenaria":590,"ordem":3965,"expediente":null,"parlamentar":14,"tipo_de_retirada":2}