{"id":203,"__str__":"Ordem: None - Requerente: Ver. Marcos Sodr\u00e9 - Mat\u00e9ria: Indica\u00e7\u00e3o n\u00ba 130 de 2023","metadata":{},"data":"2023-06-15","observacao":"","materia":2985,"sessao_plenaria":373,"ordem":null,"expediente":3068,"parlamentar":20,"tipo_de_retirada":1}