{"id":155,"__str__":"Ordem: None - Requerente: Ver. Uriel da Sa\u00fade - Mat\u00e9ria: Proposta de Emenda \u00e0 Lei Org\u00e2nica n\u00ba 1 de 2022","metadata":{},"data":"2022-03-15","observacao":"","materia":2073,"sessao_plenaria":257,"ordem":null,"expediente":2137,"parlamentar":18,"tipo_de_retirada":4}