{"id":146,"__str__":"Ordem: Ordem do Dia/Expediente: 5 - Indica\u00e7\u00e3o n\u00ba 232 de 2021 em 46\u00aa Sess\u00e3o Ordin\u00e1ria da 1\u00aa Sess\u00e3o Legislativa da 7\u00aa Legislatura - Requerente: Ver. Uriel da Sa\u00fade - Mat\u00e9ria: Indica\u00e7\u00e3o n\u00ba 232 de 2021","metadata":{},"data":"2021-12-07","observacao":"","materia":1920,"sessao_plenaria":241,"ordem":1635,"expediente":null,"parlamentar":18,"tipo_de_retirada":1}