{"id":142,"__str__":"Ordem: None - Requerente: Ver. Aur\u00e9lio Barros - Mat\u00e9ria: Indica\u00e7\u00e3o n\u00ba 209 de 2021","metadata":{},"data":"2021-11-09","observacao":"","materia":1858,"sessao_plenaria":233,"ordem":null,"expediente":1926,"parlamentar":16,"tipo_de_retirada":1}