{"id":1,"__str__":"Ordem: None - Requerente: Ver. Valmir Nobre - Mat\u00e9ria: Indica\u00e7\u00e3o n\u00ba 136 de 2019","metadata":{},"data":"2019-06-27","observacao":"","materia":315,"sessao_plenaria":42,"ordem":null,"expediente":306,"parlamentar":9,"tipo_de_retirada":1}