{"id":926,"__str__":"Indica\u00e7\u00e3o n\u00ba 73 de 2020","metadata":{},"numero":73,"ano":2020,"numero_protocolo":100,"data_apresentacao":"2020-06-03","tipo_apresentacao":"E","data_publicacao":null,"numero_origem_externa":"","ano_origem_externa":null,"data_origem_externa":null,"apelido":"","dias_prazo":null,"data_fim_prazo":null,"em_tramitacao":false,"polemica":false,"objeto":"","complementar":false,"ementa":"Disp\u00f5e sobre solicitar ao Exmo. Sr. Prefeito a volta do atendimento nas unidades do CRAS, dispon\u00edveis em nosso munic\u00edpio, para ajudar \u00e0s fam\u00edlias em situa\u00e7\u00e3o de vulnerabilidade, durante a pandemia da Covid-19.","indexacao":"","observacao":"","resultado":"","texto_original":"https://sapl.armacaodosbuzios.rj.leg.br/media/sapl/public/materialegislativa/2020/926/73-2020_-_ind_-_adiel_-_retorno_do_atendimento_nas_unidades_do_cras.pdf","data_ultima_atualizacao":"2024-04-15T14:28:46.303728-03:00","ip":"192.168.88.108","ultima_edicao":"2020-06-03T11:53:31.261552-03:00","tipo":10,"regime_tramitacao":1,"tipo_origem_externa":null,"local_origem_externa":null,"user":7,"anexadas":[],"autores":[1]}