{"id":612,"__str__":"Indica\u00e7\u00e3o n\u00ba 235 de 2019","metadata":{},"numero":235,"ano":2019,"numero_protocolo":591,"data_apresentacao":"2019-10-23","tipo_apresentacao":"E","data_publicacao":null,"numero_origem_externa":"","ano_origem_externa":null,"data_origem_externa":null,"apelido":"","dias_prazo":null,"data_fim_prazo":null,"em_tramitacao":false,"polemica":false,"objeto":"","complementar":false,"ementa":"Disp\u00f5e sobre solicitar ao Exmo. Sr. Prefeito que seja realizada a reforma e amplia\u00e7\u00e3o da creche Rita Coelho Novelino na Rasa.","indexacao":"creche rita coelho novelino","observacao":"","resultado":"","texto_original":"https://sapl.armacaodosbuzios.rj.leg.br/media/sapl/public/materialegislativa/2019/612/ind_235.19_gladys_creche_rita.pdf","data_ultima_atualizacao":"2024-04-15T14:28:38.830636-03:00","ip":"192.168.88.133","ultima_edicao":null,"tipo":10,"regime_tramitacao":1,"tipo_origem_externa":null,"local_origem_externa":null,"user":10,"anexadas":[],"autores":[2]}