{"id":58,"__str__":"Balancete do Poder Legislativo n\u00ba 1 de 2019","metadata":{},"numero":1,"ano":2019,"numero_protocolo":null,"data_apresentacao":"2019-02-18","tipo_apresentacao":"E","data_publicacao":null,"numero_origem_externa":"","ano_origem_externa":null,"data_origem_externa":null,"apelido":"","dias_prazo":null,"data_fim_prazo":null,"em_tramitacao":false,"polemica":null,"objeto":"","complementar":null,"ementa":"Apresenta\u00e7\u00e3o do Balancete do Poder Legislativo do m\u00eas de Dezembro de 2018","indexacao":"Balancete do Poder Legislativo do m\u00eas de Dezembro de 2018","observacao":"","resultado":"","texto_original":null,"data_ultima_atualizacao":"2019-08-14T09:31:39.189786-03:00","ip":"","ultima_edicao":null,"tipo":24,"regime_tramitacao":1,"tipo_origem_externa":null,"local_origem_externa":null,"user":null,"anexadas":[],"autores":[4]}