{"id":506,"__str__":"Balancete do Poder Legislativo n\u00ba 9 de 2019","metadata":{},"numero":9,"ano":2019,"numero_protocolo":null,"data_apresentacao":"2019-09-11","tipo_apresentacao":"E","data_publicacao":null,"numero_origem_externa":"","ano_origem_externa":null,"data_origem_externa":null,"apelido":"","dias_prazo":null,"data_fim_prazo":null,"em_tramitacao":true,"polemica":false,"objeto":"","complementar":false,"ementa":"Apresenta\u00e7\u00e3o do Balancete do Poder Legislativo do m\u00eas de agosto de 2019.","indexacao":"","observacao":"","resultado":"","texto_original":null,"data_ultima_atualizacao":"2019-10-18T16:55:45.321353-03:00","ip":"192.168.88.108","ultima_edicao":null,"tipo":24,"regime_tramitacao":1,"tipo_origem_externa":null,"local_origem_externa":null,"user":7,"anexadas":[],"autores":[4]}