{"id":50,"__str__":"Indica\u00e7\u00e3o n\u00ba 8 de 2019","metadata":{},"numero":8,"ano":2019,"numero_protocolo":40,"data_apresentacao":"2019-02-18","tipo_apresentacao":"E","data_publicacao":null,"numero_origem_externa":"","ano_origem_externa":null,"data_origem_externa":null,"apelido":"","dias_prazo":null,"data_fim_prazo":null,"em_tramitacao":false,"polemica":false,"objeto":"","complementar":false,"ementa":"Disp\u00f5e sobre solicitar ao Exmo. Sr. Prefeito que sejam instalados redutores de velocidade na Rua \u00c1lvaro El\u00eddio Gon\u00e7alves, pr\u00f3ximo a constru\u00e7\u00e3o da nova Creche e no in\u00edcio da Rua C\u00e9sar Gomes Oliveira, no Bairro da Rasa.","indexacao":"instala\u00e7\u00e3o redutores de velocidade na Rua \u00c1lvaro El\u00eddio Gon\u00e7alves e Rua C\u00e9sar Gomes Oliveira","observacao":"","resultado":"","texto_original":"https://sapl.armacaodosbuzios.rj.leg.br/media/sapl/public/materialegislativa/2019/50/indicacao_-_redutores_de_velocidade_4NEuHV6.pdf","data_ultima_atualizacao":"2019-08-29T15:16:45.698965-03:00","ip":"","ultima_edicao":null,"tipo":10,"regime_tramitacao":1,"tipo_origem_externa":null,"local_origem_externa":null,"user":null,"anexadas":[],"autores":[5]}