{"id":4774,"__str__":"Indica\u00e7\u00e3o n\u00ba 44 de 2026","metadata":{},"numero":44,"ano":2026,"numero_protocolo":73,"data_apresentacao":"2026-03-04","tipo_apresentacao":"E","data_publicacao":null,"numero_origem_externa":"","ano_origem_externa":null,"data_origem_externa":null,"apelido":"","dias_prazo":null,"data_fim_prazo":null,"em_tramitacao":false,"polemica":false,"objeto":"","complementar":false,"ementa":"Disp\u00f5e sobre solicitar ao Exmo. Senhor Prefeito, a constru\u00e7\u00e3o de  cal\u00e7ada com acessibilidade entre o trecho compreendido entre a Sa\u00fade Mental passando pela policl\u00ednica at\u00e9 o Centro de Fisioterapia no bairro de Manguinhos.","indexacao":"constru\u00e7\u00e3o de  cal\u00e7ada com acessibilidade entre o trecho compreendido entre a Sa\u00fade Mental passando pela policl\u00ednica at\u00e9 o Centro de Fisioterapia no bairro de Manguinhos","observacao":"Publicado no DOL-e 0134-05/03/2026","resultado":"","texto_original":"https://sapl.armacaodosbuzios.rj.leg.br/media/sapl/public/materialegislativa/2026/4774/indicacao_no_44_de_2026_victor_santos_calcada_com_acessibilidade.pdf","data_ultima_atualizacao":"2026-03-13T10:02:43.278114-03:00","ip":"192.168.1.72","ultima_edicao":"2026-03-09T11:14:09.374767-03:00","tipo":10,"regime_tramitacao":1,"tipo_origem_externa":null,"local_origem_externa":null,"user":60,"anexadas":[],"autores":[43]}