{"id":4699,"__str__":"Indica\u00e7\u00e3o n\u00ba 5 de 2026","metadata":{},"numero":5,"ano":2026,"numero_protocolo":7,"data_apresentacao":"2026-02-02","tipo_apresentacao":"E","data_publicacao":null,"numero_origem_externa":"","ano_origem_externa":null,"data_origem_externa":null,"apelido":"","dias_prazo":null,"data_fim_prazo":null,"em_tramitacao":true,"polemica":false,"objeto":"","complementar":false,"ementa":"Disp\u00f5e sobre solicitar ao Exmo. Senhor Prefeito, a  reforma do parquinho infantil da Pra\u00e7a da Juventude, situada no bairro Alto da Boa Vista, na Rasa, com vistas \u00e0 melhoria da estrutura, manuten\u00e7\u00e3o dos brinquedos e adequa\u00e7\u00e3o \u00e0s normas de seguran\u00e7a.","indexacao":"Reforma parquinho infantil Pra\u00e7a Juventude situada Alto da Boa Vista Rasa melhoria estrutura manuten\u00e7\u00e3o brinquedos adequa\u00e7\u00e3o normas seguran\u00e7a","observacao":"","resultado":"","texto_original":"https://sapl.armacaodosbuzios.rj.leg.br/media/sapl/public/materialegislativa/2026/4699/indicacao_no_5_de_2026_josue_reforma_parquinho_infantil_da_praca_da_juventude.pdf","data_ultima_atualizacao":"2026-02-09T10:54:45.186333-03:00","ip":"192.168.1.64","ultima_edicao":"2026-02-02T11:36:24.159485-03:00","tipo":10,"regime_tramitacao":1,"tipo_origem_externa":null,"local_origem_externa":null,"user":53,"anexadas":[],"autores":[5]}