{"id":4632,"__str__":"Projeto de Emenda Modificativa n\u00ba 21 de 2025","metadata":{},"numero":21,"ano":2025,"numero_protocolo":627,"data_apresentacao":"2025-11-24","tipo_apresentacao":"E","data_publicacao":null,"numero_origem_externa":"","ano_origem_externa":null,"data_origem_externa":null,"apelido":"","dias_prazo":null,"data_fim_prazo":null,"em_tramitacao":false,"polemica":false,"objeto":"","complementar":false,"ementa":"EMENDA IMPOSITIVA \u00c0 LEI OR\u00c7AMENT\u00c1RIA ANUAL \u2013 LOA 2026 \u2013 PROJETO DE LEI N\u00ba 212/2025, DESTINANDO RECURSOS, ESTIMA RECEITA E FIXAR AS DESPESAS PARA O EXERC\u00cdCIO FINANCEIRO DE 2026..","indexacao":"EMENDA IMPOSITIVA LOA 2026  PROJETO DE LEI N\u00ba 212/2025","observacao":"","resultado":"","texto_original":"https://sapl.armacaodosbuzios.rj.leg.br/media/sapl/public/materialegislativa/2025/4632/projeto_de_emenda_modificativa_no_21_de_2025_victor_santos_emenda_impositiva_2026.pdf","data_ultima_atualizacao":"2025-12-09T13:26:44.396767-03:00","ip":"177.26.86.252","ultima_edicao":"2025-11-24T17:14:05.341255-03:00","tipo":14,"regime_tramitacao":1,"tipo_origem_externa":null,"local_origem_externa":null,"user":53,"anexadas":[],"autores":[43]}