{"id":4618,"__str__":"Projeto de Emenda Supressiva n\u00ba 6 de 2025","metadata":{},"numero":6,"ano":2025,"numero_protocolo":616,"data_apresentacao":"2025-11-17","tipo_apresentacao":"E","data_publicacao":null,"numero_origem_externa":"","ano_origem_externa":null,"data_origem_externa":null,"apelido":"","dias_prazo":null,"data_fim_prazo":null,"em_tramitacao":false,"polemica":false,"objeto":"","complementar":false,"ementa":"Disp\u00f5e sobre suprimir o par\u00e1grafo \u00fanico do art. 312-E, do Projeto de Lei Complementar n\u00ba 02/2025.","indexacao":"suprimir par\u00e1grafo \u00fanico art. 312-E Projeto de Lei Complementar n\u00ba 02/2025","observacao":"","resultado":"","texto_original":"https://sapl.armacaodosbuzios.rj.leg.br/media/sapl/public/materialegislativa/2025/4618/projeto_de_emenda_supressiva_no_6_de_2025_raphael_braga_art_312-e.pdf","data_ultima_atualizacao":"2025-11-19T15:24:09.161603-03:00","ip":"192.168.1.64","ultima_edicao":"2025-11-17T10:20:57.423909-03:00","tipo":16,"regime_tramitacao":1,"tipo_origem_externa":null,"local_origem_externa":null,"user":53,"anexadas":[],"autores":[46]}