{"id":4607,"__str__":"Indica\u00e7\u00e3o n\u00ba 253 de 2025","metadata":{},"numero":253,"ano":2025,"numero_protocolo":607,"data_apresentacao":"2025-11-10","tipo_apresentacao":"E","data_publicacao":null,"numero_origem_externa":"","ano_origem_externa":null,"data_origem_externa":null,"apelido":"","dias_prazo":null,"data_fim_prazo":null,"em_tramitacao":false,"polemica":false,"objeto":"","complementar":false,"ementa":"Disp\u00f5e sobre solicitar ao Exmo. Sr. Prefeito, a revitaliza\u00e7\u00e3o com acessibilidade e restri\u00e7\u00e3o de tr\u00e1fego da Rua Sete, visando transform\u00e1-la em espa\u00e7o de conviv\u00eancia e com\u00e9rcio local.","indexacao":"revitaliza\u00e7\u00e3o acessibilidade restri\u00e7\u00e3o de tr\u00e1fego Rua Sete","observacao":"Publicado no DOL-e 0104-11/11/2025","resultado":"","texto_original":"https://sapl.armacaodosbuzios.rj.leg.br/media/sapl/public/materialegislativa/2025/4607/indicacao_no_253_de_2025_aurelio_barros_revitalizacao_urbana_da_rua_sete.pdf","data_ultima_atualizacao":"2025-12-09T12:33:36.543099-03:00","ip":"192.168.1.72","ultima_edicao":"2025-11-11T15:22:22.888154-03:00","tipo":10,"regime_tramitacao":1,"tipo_origem_externa":null,"local_origem_externa":null,"user":60,"anexadas":[],"autores":[45]}