{"id":4605,"__str__":"Indica\u00e7\u00e3o n\u00ba 251 de 2025","metadata":{},"numero":251,"ano":2025,"numero_protocolo":605,"data_apresentacao":"2025-11-10","tipo_apresentacao":"E","data_publicacao":null,"numero_origem_externa":"","ano_origem_externa":null,"data_origem_externa":null,"apelido":"","dias_prazo":null,"data_fim_prazo":null,"em_tramitacao":false,"polemica":false,"objeto":"","complementar":false,"ementa":"Disp\u00f5e sobre solicitar ao Exmo. Sr. Prefeito, que seja implantado atendimento odontol\u00f3gico de emerg\u00eancia na Unidade B\u00e1sica de Sa\u00fade da Rasa, aos s\u00e1bados, domingos e feriados, a fim de garantir \u00e0 popula\u00e7\u00e3o local o acesso imediato aos cuidados essenciais em situa\u00e7\u00f5es de urg\u00eancia, tais como dor aguda, infec\u00e7\u00e3o ou trauma bucal, assegurando a continuidade e a integralidade da assist\u00eancia em sa\u00fade bucal.","indexacao":"atendimento odontol\u00f3gico emerg\u00eancia Unidade B\u00e1sica Sa\u00fade Rasa UBS","observacao":"Publicado no DOL-e 0104-11/11/2025","resultado":"","texto_original":"https://sapl.armacaodosbuzios.rj.leg.br/media/sapl/public/materialegislativa/2025/4605/indicacao_no_251_de_2025_anderson_chaves_atendimento_odontologico_emergencial_na_rasa.pdf","data_ultima_atualizacao":"2025-12-09T12:31:13.026514-03:00","ip":"192.168.1.72","ultima_edicao":"2025-11-11T15:22:09.173136-03:00","tipo":10,"regime_tramitacao":1,"tipo_origem_externa":null,"local_origem_externa":null,"user":60,"anexadas":[],"autores":[55]}