{"id":4600,"__str__":"Projeto de Lei Ordin\u00e1ria n\u00ba 241 de 2025","metadata":{},"numero":241,"ano":2025,"numero_protocolo":600,"data_apresentacao":"2025-11-05","tipo_apresentacao":"E","data_publicacao":null,"numero_origem_externa":"","ano_origem_externa":null,"data_origem_externa":null,"apelido":"","dias_prazo":null,"data_fim_prazo":null,"em_tramitacao":false,"polemica":false,"objeto":"","complementar":false,"ementa":"Disp\u00f5e sobre diretrizes para a elabora\u00e7\u00e3o da Pol\u00edtica Municipal de Adapta\u00e7\u00e3o Clim\u00e1tica na Rede Municipal de Ensino do Munic\u00edpio de Arma\u00e7\u00e3o dos B\u00fazios e d\u00e1 outras provid\u00eancias.","indexacao":"diretrizes elabora\u00e7\u00e3o Pol\u00edtica Municipal Adapta\u00e7\u00e3o Clim\u00e1tica Rede Municipal Ensino","observacao":"Publicado no DO-e687/2026-27/03/2026","resultado":"","texto_original":"https://sapl.armacaodosbuzios.rj.leg.br/media/sapl/public/materialegislativa/2025/4600/projeto_de_lei_ordinaria_no_241_de_2025_raphael_braga_climatico.pdf","data_ultima_atualizacao":"2026-03-30T09:50:07.752895-03:00","ip":"192.168.1.72","ultima_edicao":"2026-03-30T09:49:50.664284-03:00","tipo":1,"regime_tramitacao":1,"tipo_origem_externa":null,"local_origem_externa":null,"user":60,"anexadas":[],"autores":[46]}