{"id":4598,"__str__":"Indica\u00e7\u00e3o n\u00ba 247 de 2025","metadata":{},"numero":247,"ano":2025,"numero_protocolo":598,"data_apresentacao":"2025-11-05","tipo_apresentacao":"E","data_publicacao":null,"numero_origem_externa":"","ano_origem_externa":null,"data_origem_externa":null,"apelido":"","dias_prazo":null,"data_fim_prazo":null,"em_tramitacao":false,"polemica":false,"objeto":"","complementar":false,"ementa":"Disp\u00f5e sobre solicitar ao Exmo. Senhor Prefeito, a cria\u00e7\u00e3o da Semana de Preven\u00e7\u00e3o e Cuidados da Vis\u00e3o Infantil, no Munic\u00edpio de Arma\u00e7\u00e3o dos B\u00fazios.","indexacao":"cria\u00e7\u00e3o Semana Preven\u00e7\u00e3o Cuidados Vis\u00e3o Infantil","observacao":"Publicado no DOL-e 0101-06/10/2025","resultado":"","texto_original":"https://sapl.armacaodosbuzios.rj.leg.br/media/sapl/public/materialegislativa/2025/4598/indicacao_no_247_de_2025_victor_santos_semana_de_prevencao_e_cuidados_da_visao_infantil.pdf","data_ultima_atualizacao":"2025-12-09T12:23:48.159140-03:00","ip":"192.168.1.72","ultima_edicao":"2025-11-07T12:01:35.263678-03:00","tipo":10,"regime_tramitacao":1,"tipo_origem_externa":null,"local_origem_externa":null,"user":60,"anexadas":[],"autores":[43]}