{"id":4582,"__str__":"Indica\u00e7\u00e3o n\u00ba 243 de 2025","metadata":{},"numero":243,"ano":2025,"numero_protocolo":583,"data_apresentacao":"2025-10-29","tipo_apresentacao":"E","data_publicacao":null,"numero_origem_externa":"","ano_origem_externa":null,"data_origem_externa":null,"apelido":"","dias_prazo":null,"data_fim_prazo":null,"em_tramitacao":false,"polemica":false,"objeto":"","complementar":false,"ementa":"Disp\u00f5e sobre solicitar ao Exmo. Senhor Prefeito, que estude a viabilidade de implantar o Programa Cal\u00e7ada Legal em Arma\u00e7\u00e3o dos B\u00fazios, voltado \u00e0 padroniza\u00e7\u00e3o e melhoria das cal\u00e7adas, com foco na acessibilidade, seguran\u00e7a e mobilidade urbana.","indexacao":"Programa Cal\u00e7ada Legal","observacao":"Publicado no DOL-e0098/2025-03/10/2025","resultado":"","texto_original":"https://sapl.armacaodosbuzios.rj.leg.br/media/sapl/public/materialegislativa/2025/4582/indicacao_no_243_de_2025_aurelio_barros_calcada_legal.pdf","data_ultima_atualizacao":"2025-11-06T15:08:59.609968-03:00","ip":"192.168.1.72","ultima_edicao":"2025-11-03T14:26:59.593349-03:00","tipo":10,"regime_tramitacao":1,"tipo_origem_externa":null,"local_origem_externa":null,"user":60,"anexadas":[],"autores":[45]}