{"id":4522,"__str__":"Indica\u00e7\u00e3o n\u00ba 227 de 2025","metadata":{},"numero":227,"ano":2025,"numero_protocolo":538,"data_apresentacao":"2025-10-06","tipo_apresentacao":"E","data_publicacao":null,"numero_origem_externa":"","ano_origem_externa":null,"data_origem_externa":null,"apelido":"","dias_prazo":null,"data_fim_prazo":null,"em_tramitacao":false,"polemica":false,"objeto":"","complementar":false,"ementa":"Disp\u00f5e sobre solicitar ao Exmo. Senhor Prefeito, a Cria\u00e7\u00e3o da Campanha Municipal \u201cLeites de Mar\u00e7o\u201d, com o objetivo de arrecadar e distribuir leite para fam\u00edlias em situa\u00e7\u00e3o de vulnerabilidade social.","indexacao":"Leites de Mar\u00e7o arrecadar distribuir leite fam\u00edlias situa\u00e7\u00e3o vulnerabilidade social","observacao":"Publicado no DOL-e 0089-09/10/2025","resultado":"","texto_original":"https://sapl.armacaodosbuzios.rj.leg.br/media/sapl/public/materialegislativa/2025/4522/indicacao_no_227_de_2025_victor_santos_campanha_leite_materno.pdf","data_ultima_atualizacao":"2025-10-16T09:44:53.892772-03:00","ip":"192.168.1.72","ultima_edicao":"2025-10-10T09:32:37.243470-03:00","tipo":10,"regime_tramitacao":1,"tipo_origem_externa":null,"local_origem_externa":null,"user":60,"anexadas":[],"autores":[43]}