{"id":4512,"__str__":"Indica\u00e7\u00e3o n\u00ba 224 de 2025","metadata":{},"numero":224,"ano":2025,"numero_protocolo":531,"data_apresentacao":"2025-10-01","tipo_apresentacao":"E","data_publicacao":null,"numero_origem_externa":"","ano_origem_externa":null,"data_origem_externa":null,"apelido":"","dias_prazo":null,"data_fim_prazo":null,"em_tramitacao":true,"polemica":false,"objeto":"","complementar":false,"ementa":"Disp\u00f5e sobre solicitar ao Exmo. Senhor Prefeito, a Cria\u00e7\u00e3o do Programa Sa\u00fade Bucal nas Escolas Municipais.","indexacao":"Cria\u00e7\u00e3o Programa Sa\u00fade Bucal Escolas Municipais","observacao":"Publicado no DOL-e 0086-03/10/2025","resultado":"","texto_original":"https://sapl.armacaodosbuzios.rj.leg.br/media/sapl/public/materialegislativa/2025/4512/indicacao_no_224_de_2025_victor_santos_saude_bucal_nas_escolas.pdf","data_ultima_atualizacao":"2025-10-14T14:49:20.686374-03:00","ip":"192.168.1.72","ultima_edicao":"2025-10-06T09:50:53.463913-03:00","tipo":10,"regime_tramitacao":1,"tipo_origem_externa":null,"local_origem_externa":null,"user":60,"anexadas":[],"autores":[43]}