{"id":4388,"__str__":"Indica\u00e7\u00e3o n\u00ba 190 de 2025","metadata":{},"numero":190,"ano":2025,"numero_protocolo":441,"data_apresentacao":"2025-08-13","tipo_apresentacao":"","data_publicacao":null,"numero_origem_externa":"","ano_origem_externa":null,"data_origem_externa":null,"apelido":"","dias_prazo":null,"data_fim_prazo":null,"em_tramitacao":false,"polemica":false,"objeto":"","complementar":false,"ementa":"Disp\u00f5es sobre solicitar a cria\u00e7\u00e3o do Programa Glicose em Foco, voltado ao acompanhamento, preven\u00e7\u00e3o e controle do diabetes mellitus na popula\u00e7\u00e3o buziana.","indexacao":"diabetes mellitus","observacao":"Publicado no DOL-e0049_14_08_2025","resultado":"","texto_original":"https://sapl.armacaodosbuzios.rj.leg.br/media/sapl/public/materialegislativa/2025/4388/indicacao_no_190_de_2025_victor_santos_diabetes_mellitus.pdf","data_ultima_atualizacao":"2025-09-10T09:17:15.137274-03:00","ip":"192.168.1.72","ultima_edicao":"2025-08-14T15:33:37.905049-03:00","tipo":10,"regime_tramitacao":1,"tipo_origem_externa":null,"local_origem_externa":null,"user":60,"anexadas":[],"autores":[43]}