{"id":4366,"__str__":"Projeto de Decreto Legislativo n\u00ba 62 de 2025","metadata":{},"numero":62,"ano":2025,"numero_protocolo":419,"data_apresentacao":"2025-08-06","tipo_apresentacao":"E","data_publicacao":null,"numero_origem_externa":"","ano_origem_externa":null,"data_origem_externa":null,"apelido":"","dias_prazo":null,"data_fim_prazo":null,"em_tramitacao":false,"polemica":false,"objeto":"","complementar":false,"ementa":"Disp\u00f5e sobre outorgar o T\u00edtulo Honor\u00edfico de Cidad\u00e3 Buziana \u00e0 Sra. Aldineia Francisco Carvalho que ser\u00e1 entregue na Sess\u00e3o Solene da C\u00e2mara Municipal.","indexacao":"T\u00edtulo Honor\u00edfico  Cidad\u00e3 Buziana  Aldineia Francisco Carvalho","observacao":"Publicado no DOL-e 0062_01_09_2025_DECRETO LEGISLATIVO DE N\u00ba. 820, DE 29 DE AGOSTO DE 2025","resultado":"","texto_original":"https://sapl.armacaodosbuzios.rj.leg.br/media/sapl/public/materialegislativa/2025/4366/projeto_de_decreto_legislativo_no_62_de_2025_felipe_lopes_aldineia.pdf","data_ultima_atualizacao":"2025-09-01T16:09:18.041131-03:00","ip":"192.168.1.72","ultima_edicao":"2025-09-01T16:09:17.982639-03:00","tipo":2,"regime_tramitacao":1,"tipo_origem_externa":null,"local_origem_externa":null,"user":60,"anexadas":[],"autores":[57]}