{"id":4363,"__str__":"Indica\u00e7\u00e3o n\u00ba 177 de 2025","metadata":{},"numero":177,"ano":2025,"numero_protocolo":416,"data_apresentacao":"2025-08-06","tipo_apresentacao":"E","data_publicacao":null,"numero_origem_externa":"","ano_origem_externa":null,"data_origem_externa":null,"apelido":"","dias_prazo":null,"data_fim_prazo":null,"em_tramitacao":false,"polemica":false,"objeto":"","complementar":false,"ementa":"Disp\u00f5e sobre solicitar ao Exmo. Senhor Prefeito,  a Constru\u00e7\u00e3o de uma Capela Mortu\u00e1ria na Pra\u00e7a do INEF, nas proximidades do antigo cinema, no bairro da Rasa.","indexacao":"Constru\u00e7\u00e3o Capela Mortu\u00e1ria  Pra\u00e7a  INEF Rasa","observacao":"","resultado":"","texto_original":"https://sapl.armacaodosbuzios.rj.leg.br/media/sapl/public/materialegislativa/2025/4363/indicacao_no_177_de_2025_victor_santos_de_capela_mortuaria.pdf","data_ultima_atualizacao":"2025-09-15T15:07:06.594050-03:00","ip":"192.168.1.216","ultima_edicao":"2025-08-06T11:11:29.394085-03:00","tipo":10,"regime_tramitacao":1,"tipo_origem_externa":null,"local_origem_externa":null,"user":53,"anexadas":[],"autores":[43]}