{"id":4323,"__str__":"Indica\u00e7\u00e3o n\u00ba 167 de 2025","metadata":{},"numero":167,"ano":2025,"numero_protocolo":385,"data_apresentacao":"2025-06-23","tipo_apresentacao":"E","data_publicacao":null,"numero_origem_externa":"","ano_origem_externa":null,"data_origem_externa":null,"apelido":"","dias_prazo":null,"data_fim_prazo":null,"em_tramitacao":true,"polemica":false,"objeto":"","complementar":false,"ementa":"Disp\u00f5e sobre solicitar ao Exmo. Senhor Prefeito,  a instala\u00e7\u00e3o de uma cobertura na quadra da pra\u00e7a da Juventude.","indexacao":"Instala\u00e7\u00e3o - Cobertura - Quadra - Pra\u00e7a da Juventude.","observacao":"PUBLICADO NO DOL-e 0030/2025_25_06_2025_P\u00e1g:24","resultado":"","texto_original":"https://sapl.armacaodosbuzios.rj.leg.br/media/sapl/public/materialegislativa/2025/4323/indicacao_no_167_de_2025_felipe_lopes_cobertura_da_quadra_da_juventude.pdf","data_ultima_atualizacao":"2025-09-22T11:43:56.136845-03:00","ip":"192.168.1.72","ultima_edicao":"2025-06-26T12:52:52.466770-03:00","tipo":10,"regime_tramitacao":1,"tipo_origem_externa":null,"local_origem_externa":null,"user":60,"anexadas":[],"autores":[57]}