{"id":4283,"__str__":"Proposta de Emenda \u00e0 Lei Org\u00e2nica n\u00ba 4 de 2025","metadata":{},"numero":4,"ano":2025,"numero_protocolo":null,"data_apresentacao":"2025-06-09","tipo_apresentacao":"E","data_publicacao":null,"numero_origem_externa":"","ano_origem_externa":null,"data_origem_externa":null,"apelido":"","dias_prazo":null,"data_fim_prazo":null,"em_tramitacao":false,"polemica":false,"objeto":"","complementar":false,"ementa":"Disp\u00f5e sobre alterar o art. 43 da Lei Org\u00e2nica Municipal.","indexacao":"Alterar - art. 43 - Lei Org\u00e2nica - Recesso","observacao":"PUBLICADO NO D.O 533_2025_26_06_2025\r\n\r\nREPUBLICADA POR INCORRE\u00c7\u00d5ES\r\nEMENDA \u00c0 LEI ORG\u00c2NICA DE N\u00ba. 28, DE 24 DE JUNHO DE 2025_DOL-e 033_01_07_2025\r\nREPUBLICADO NO DO-e 556/2025_01_07_2025_EMENDA \u00c0 LEI ORG\u00c2NICA DE N\u00ba. 28, DE 24 DE JUNHO DE 2025","resultado":"","texto_original":"https://sapl.armacaodosbuzios.rj.leg.br/media/sapl/public/materialegislativa/2025/4283/proposta_de_emenda_a_lei_organica_no_4_2025.pdf","data_ultima_atualizacao":"2025-07-03T08:49:37.391666-03:00","ip":"192.168.1.72","ultima_edicao":"2025-07-03T08:49:37.332055-03:00","tipo":5,"regime_tramitacao":1,"tipo_origem_externa":null,"local_origem_externa":null,"user":60,"anexadas":[],"autores":[55,45,1,57,5,46,56,43]}