{"id":4228,"__str__":"Projeto de Decreto Legislativo n\u00ba 30 de 2025","metadata":{},"numero":30,"ano":2025,"numero_protocolo":300,"data_apresentacao":"2025-05-21","tipo_apresentacao":"E","data_publicacao":null,"numero_origem_externa":"","ano_origem_externa":null,"data_origem_externa":null,"apelido":"","dias_prazo":null,"data_fim_prazo":null,"em_tramitacao":false,"polemica":false,"objeto":"","complementar":false,"ementa":"Disp\u00f5e sobre conceder o T\u00edtulo Honor\u00edfico de Cidad\u00e3 Buziana \u00e0 Vossa Excel\u00eancia Deputada Federal Danielle Dytz da Cunha, e d\u00e1 outras provid\u00eancias.","indexacao":"T\u00edtulo - Honor\u00edfico - Cidad\u00e3 Buziana - Vossa Excel\u00eancia - Deputada Federal - Danielle Dytz da Cunha","observacao":"Memorando n\u00ba63/2025 de atraso enviado no dia 13/06/2025\r\nPUBLICADO NO DOL-e N\u00ba0030/2025_DECRETO LEGISLATIVO DE N\u00ba 788, DE 24 DE JUNHO DE 2025","resultado":"","texto_original":"https://sapl.armacaodosbuzios.rj.leg.br/media/sapl/public/materialegislativa/2025/4228/projeto_de_decreto_legislativo_no_30_de_2025_anderson_chaves_titulo_de_cidadao_buziana_deputada_federal_dani_cunha.pdf","data_ultima_atualizacao":"2025-06-26T09:26:55.104213-03:00","ip":"192.168.1.72","ultima_edicao":"2025-06-26T09:26:13.115107-03:00","tipo":2,"regime_tramitacao":1,"tipo_origem_externa":null,"local_origem_externa":null,"user":60,"anexadas":[],"autores":[55]}