{"id":4219,"__str__":"Projeto de Lei Ordin\u00e1ria n\u00ba 109 de 2025","metadata":{},"numero":109,"ano":2025,"numero_protocolo":293,"data_apresentacao":"2025-05-21","tipo_apresentacao":"E","data_publicacao":null,"numero_origem_externa":"","ano_origem_externa":null,"data_origem_externa":null,"apelido":"","dias_prazo":null,"data_fim_prazo":null,"em_tramitacao":false,"polemica":false,"objeto":"","complementar":false,"ementa":"Disp\u00f5e sobre instituir no Calend\u00e1rio Oficial do Munic\u00edpio  a Semana Municipal de Assist\u00eancia e Aten\u00e7\u00e3o Farmac\u00eautica.","indexacao":"Instituir - Calend\u00e1rio - Oficial - Munic\u00edpio - Semana Municipal - Assist\u00eancia - Aten\u00e7\u00e3o Farmac\u00eautica","observacao":"Publicado no DOL-e 0065- 04_09_2025_Lei de n\u00ba2089_29_08_2025-Publicado no DO-e 588_05_09_2025","resultado":"","texto_original":"https://sapl.armacaodosbuzios.rj.leg.br/media/sapl/public/materialegislativa/2025/4219/projeto_de_lei_ordinaria_no_109_de_2025_aurelio_barros_semana_municipal_de_assitencia_e_atencao_farmaceutica.pdf","data_ultima_atualizacao":"2025-09-08T08:32:52.494525-03:00","ip":"192.168.1.72","ultima_edicao":"2025-09-08T08:32:43.488151-03:00","tipo":1,"regime_tramitacao":1,"tipo_origem_externa":null,"local_origem_externa":null,"user":60,"anexadas":[],"autores":[45]}