{"id":4144,"__str__":"Indica\u00e7\u00e3o n\u00ba 129 de 2025","metadata":{},"numero":129,"ano":2025,"numero_protocolo":228,"data_apresentacao":"2025-04-28","tipo_apresentacao":"E","data_publicacao":null,"numero_origem_externa":"","ano_origem_externa":null,"data_origem_externa":null,"apelido":"","dias_prazo":null,"data_fim_prazo":null,"em_tramitacao":false,"polemica":false,"objeto":"","complementar":false,"ementa":"Disp\u00f5e sobre solicitar ao Exmo. Senhor Prefeito, a cria\u00e7\u00e3o de uma coordena\u00e7\u00e3o espec\u00edfica para a \u00e1rea de Enfermagem nos Programas de Sa\u00fade da Fam\u00edlia (PSFs) deste munic\u00edpio.","indexacao":"Cria\u00e7\u00e3o - Coordena\u00e7\u00e3o - Espec\u00edfica - Enfermagem - Programas - Sa\u00fade da Fam\u00edlia - PSFs","observacao":"","resultado":"","texto_original":"https://sapl.armacaodosbuzios.rj.leg.br/media/sapl/public/materialegislativa/2025/4144/indicacao_no_129_de_2025_uriel_coordenacao_enfermagem.pdf","data_ultima_atualizacao":"2025-06-02T15:15:52.178061-03:00","ip":"192.168.1.64","ultima_edicao":"2025-04-28T11:56:04.511284-03:00","tipo":10,"regime_tramitacao":1,"tipo_origem_externa":null,"local_origem_externa":null,"user":53,"anexadas":[],"autores":[48]}