{"id":4123,"__str__":"Indica\u00e7\u00e3o n\u00ba 123 de 2025","metadata":{},"numero":123,"ano":2025,"numero_protocolo":210,"data_apresentacao":"2025-04-16","tipo_apresentacao":"E","data_publicacao":null,"numero_origem_externa":"","ano_origem_externa":null,"data_origem_externa":null,"apelido":"","dias_prazo":null,"data_fim_prazo":null,"em_tramitacao":false,"polemica":false,"objeto":"","complementar":false,"ementa":"Disp\u00f5e sobre solicitar ao Exmo. Senhor Prefeito, a cria\u00e7\u00e3o do Projeto Ronda Escolar.","indexacao":"Cria\u00e7\u00e3o - Projeto - Ronda Escolar","observacao":"","resultado":"","texto_original":"https://sapl.armacaodosbuzios.rj.leg.br/media/sapl/public/materialegislativa/2025/4123/indicacao_no_123_de_2025_dida_gabarito_ronda_escolar.pdf","data_ultima_atualizacao":"2025-04-30T11:43:55.115015-03:00","ip":"192.168.1.64","ultima_edicao":"2025-04-16T11:28:39.515605-03:00","tipo":10,"regime_tramitacao":1,"tipo_origem_externa":null,"local_origem_externa":null,"user":53,"anexadas":[],"autores":[1]}