{"id":4073,"__str__":"Indica\u00e7\u00e3o n\u00ba 111 de 2025","metadata":{},"numero":111,"ano":2025,"numero_protocolo":166,"data_apresentacao":"2025-04-07","tipo_apresentacao":"E","data_publicacao":null,"numero_origem_externa":"","ano_origem_externa":null,"data_origem_externa":null,"apelido":"","dias_prazo":null,"data_fim_prazo":null,"em_tramitacao":false,"polemica":false,"objeto":"","complementar":false,"ementa":"Disp\u00f5e sobre solicitar ao Exmo. Senhor Prefeito, a cria\u00e7\u00e3o da Cl\u00ednica Escola do Autista para atendimento, tratamento e acompanhamento especializado a pessoas com Transtorno do Espectro Autista e capacita\u00e7\u00e3o de profissionais, no \u00e2mbito do munic\u00edpio de Arma\u00e7\u00e3o dos B\u00fazios.","indexacao":"Cl\u00ednica Escola do Autista - Atendimento - Tratamento - Acompanhamento especializado - Transtorno do Espectro Autista - Capacita\u00e7\u00e3o de profissionais","observacao":"","resultado":"","texto_original":"https://sapl.armacaodosbuzios.rj.leg.br/media/sapl/public/materialegislativa/2025/4073/indicacao_no_111_de_2025_aurelio_barros_criacao_da_clinica_escola_do_autista.pdf","data_ultima_atualizacao":"2025-04-25T10:46:28.291073-03:00","ip":"192.168.1.64","ultima_edicao":"2025-04-07T11:30:03.916073-03:00","tipo":10,"regime_tramitacao":1,"tipo_origem_externa":null,"local_origem_externa":null,"user":53,"anexadas":[],"autores":[45]}