{"id":4007,"__str__":"Indica\u00e7\u00e3o n\u00ba 71 de 2025","metadata":{},"numero":71,"ano":2025,"numero_protocolo":106,"data_apresentacao":"2025-03-18","tipo_apresentacao":"E","data_publicacao":null,"numero_origem_externa":"","ano_origem_externa":null,"data_origem_externa":null,"apelido":"","dias_prazo":null,"data_fim_prazo":null,"em_tramitacao":false,"polemica":false,"objeto":"","complementar":false,"ementa":"Disp\u00f5e sobre solicitar ao Exmo. Senhor Prefeito, a instala\u00e7\u00e3o de placas educativas relacionadas \u00e0 causa animal, com temas como a necessidade de proteger os habitats dos bichos, ado\u00e7\u00e3o respons\u00e1vel e a preven\u00e7\u00e3o de abandono.","indexacao":"Placas - Educativas - Causa - Animal - Habitats - Ado\u00e7\u00e3o Respons\u00e1vel - Preven\u00e7\u00e3o - Abandono","observacao":"","resultado":"","texto_original":"https://sapl.armacaodosbuzios.rj.leg.br/media/sapl/public/materialegislativa/2025/4007/indicacao_no_71_de_2025_toni_russo_placas_conscientizacao.pdf","data_ultima_atualizacao":"2025-04-07T08:19:52.240542-03:00","ip":"192.168.1.64","ultima_edicao":"2025-03-18T16:18:08.366878-03:00","tipo":10,"regime_tramitacao":1,"tipo_origem_externa":null,"local_origem_externa":null,"user":53,"anexadas":[],"autores":[56]}