{"id":3997,"__str__":"Indica\u00e7\u00e3o n\u00ba 64 de 2025","metadata":{},"numero":64,"ano":2025,"numero_protocolo":97,"data_apresentacao":"2025-03-17","tipo_apresentacao":"E","data_publicacao":null,"numero_origem_externa":"","ano_origem_externa":null,"data_origem_externa":null,"apelido":"","dias_prazo":null,"data_fim_prazo":null,"em_tramitacao":false,"polemica":false,"objeto":"","complementar":false,"ementa":"Disp\u00f5e sobre solicitar ao Exmo. Senhor Prefeito a implanta\u00e7\u00e3o de hortas nas escolas do munic\u00edpio de Arma\u00e7\u00e3o dos B\u00fazios.","indexacao":"Implanta\u00e7\u00e3o - Hortas nas escolas","observacao":"","resultado":"","texto_original":"https://sapl.armacaodosbuzios.rj.leg.br/media/sapl/public/materialegislativa/2025/3997/indicacao_no_64_de_2025_andreson_chaves_horta_nas_escolas_do_municipio_de_armacao_dos_buzios..pdf","data_ultima_atualizacao":"2025-04-07T09:54:28.665117-03:00","ip":"192.168.1.64","ultima_edicao":"2025-03-17T11:39:04.242378-03:00","tipo":10,"regime_tramitacao":1,"tipo_origem_externa":null,"local_origem_externa":null,"user":53,"anexadas":[],"autores":[55]}