{"id":3993,"__str__":"Requerimento n\u00ba 9 de 2025","metadata":{},"numero":9,"ano":2025,"numero_protocolo":93,"data_apresentacao":"2025-03-17","tipo_apresentacao":"E","data_publicacao":null,"numero_origem_externa":"","ano_origem_externa":null,"data_origem_externa":null,"apelido":"","dias_prazo":null,"data_fim_prazo":null,"em_tramitacao":false,"polemica":false,"objeto":"","complementar":false,"ementa":"Disp\u00f5e sobre solicitar ao Exmo. Senhor Prefeito, o envio de lista com todas as \u00e1reas p\u00fablicas do Munic\u00edpio, ocupadas ou n\u00e3o, constando o endere\u00e7o, as dimens\u00f5es e a localiza\u00e7\u00e3o georreferenciada.","indexacao":"Lista -\u00c1reas p\u00fablicas  - Ocupadas - Endere\u00e7o - Dimens\u00f5es - Localiza\u00e7\u00e3o - Georreferenciada","observacao":"","resultado":"","texto_original":"https://sapl.armacaodosbuzios.rj.leg.br/media/sapl/public/materialegislativa/2025/3993/requerimento_no_9_de_2025_felipe_lopes_lista_areas_publicas.pdf","data_ultima_atualizacao":"2025-08-22T11:19:13.724876-03:00","ip":"192.168.1.64","ultima_edicao":"2025-03-17T09:46:07.356795-03:00","tipo":7,"regime_tramitacao":1,"tipo_origem_externa":null,"local_origem_externa":null,"user":53,"anexadas":[],"autores":[57]}