{"id":3962,"__str__":"Indica\u00e7\u00e3o n\u00ba 42 de 2025","metadata":{},"numero":42,"ano":2025,"numero_protocolo":69,"data_apresentacao":"2025-02-26","tipo_apresentacao":"E","data_publicacao":null,"numero_origem_externa":"","ano_origem_externa":null,"data_origem_externa":null,"apelido":"","dias_prazo":null,"data_fim_prazo":null,"em_tramitacao":true,"polemica":false,"objeto":"","complementar":false,"ementa":"Disp\u00f5e sobre solicitar ao Exmo. Senhor Prefeito, a instala\u00e7\u00e3o de uma cobertura na quadra da Escola Estadual Municipalizada Prof.\u00aa Eulina de Assis Marques, localizada no bairro de S\u00e3o Jos\u00e9, neste Munic\u00edpio.","indexacao":"- Cobertura - quadra - Escola Estadual Municipalizada - Prof.\u00aa Eulina de Assis Marques","observacao":"","resultado":"","texto_original":"https://sapl.armacaodosbuzios.rj.leg.br/media/sapl/public/materialegislativa/2025/3962/indicacao_no_42_de_2025_aurelio_instalacao_de_uma_cobertura_de_quadra.pdf","data_ultima_atualizacao":"2025-03-13T09:34:32.846558-03:00","ip":"192.168.1.64","ultima_edicao":"2025-02-26T11:37:29.003455-03:00","tipo":10,"regime_tramitacao":1,"tipo_origem_externa":null,"local_origem_externa":null,"user":53,"anexadas":[],"autores":[45]}