{"id":3953,"__str__":"Indica\u00e7\u00e3o n\u00ba 38 de 2025","metadata":{},"numero":38,"ano":2025,"numero_protocolo":63,"data_apresentacao":"2025-02-24","tipo_apresentacao":"E","data_publicacao":null,"numero_origem_externa":"","ano_origem_externa":null,"data_origem_externa":null,"apelido":"","dias_prazo":null,"data_fim_prazo":null,"em_tramitacao":true,"polemica":false,"objeto":"","complementar":false,"ementa":"Disp\u00f5e sobre solicitar ao Exmo. Senhor Prefeito, uma \u201cCampanha de Conscientiza\u00e7\u00e3o sobre a Preserva\u00e7\u00e3o dos Animais Mar\u00edtimos, Terrestres e A\u00e9reos\u201d nas Praias de Arma\u00e7\u00e3o dos B\u00fazios.","indexacao":"Campanha de Conscientiza\u00e7\u00e3o sobre a Preserva\u00e7\u00e3o dos Animais Mar\u00edtimos, Terrestres e A\u00e9reos.","observacao":"","resultado":"","texto_original":"https://sapl.armacaodosbuzios.rj.leg.br/media/sapl/public/materialegislativa/2025/3953/indicacao_no_38_de_2025_victor_santos_preservacao_dos_animais.pdf","data_ultima_atualizacao":"2025-03-13T09:24:40.982431-03:00","ip":"192.168.1.64","ultima_edicao":"2025-02-24T11:44:00.353893-03:00","tipo":10,"regime_tramitacao":1,"tipo_origem_externa":null,"local_origem_externa":null,"user":53,"anexadas":[],"autores":[43]}