{"id":3940,"__str__":"Indica\u00e7\u00e3o n\u00ba 29 de 2025","metadata":{},"numero":29,"ano":2025,"numero_protocolo":53,"data_apresentacao":"2025-02-19","tipo_apresentacao":"E","data_publicacao":null,"numero_origem_externa":"","ano_origem_externa":null,"data_origem_externa":null,"apelido":"","dias_prazo":null,"data_fim_prazo":null,"em_tramitacao":false,"polemica":false,"objeto":"","complementar":false,"ementa":"Disp\u00f5e sobre solicitar ao Excelent\u00edssimo Senhor Prefeito, a reforma do pergolado que fica na frente do banheiro p\u00fablico da pra\u00e7a do INEFI, bem como a reforma das quadras  poliesportivas da mesma pra\u00e7a.","indexacao":"- Reforma - Pergolado - Pra\u00e7a do INEF - Quadras Poliesportivas","observacao":"","resultado":"","texto_original":"https://sapl.armacaodosbuzios.rj.leg.br/media/sapl/public/materialegislativa/2025/3940/indicacao_no_29_de_2025_josue_praca_do_iinefi.pdf","data_ultima_atualizacao":"2025-03-12T14:15:34.945005-03:00","ip":"192.168.1.64","ultima_edicao":"2025-02-19T12:01:51.543024-03:00","tipo":10,"regime_tramitacao":1,"tipo_origem_externa":null,"local_origem_externa":null,"user":53,"anexadas":[],"autores":[5]}