{"id":3921,"__str__":"Projeto de Lei Ordin\u00e1ria n\u00ba 20 de 2025","metadata":{},"numero":20,"ano":2025,"numero_protocolo":38,"data_apresentacao":"2025-02-14","tipo_apresentacao":"E","data_publicacao":null,"numero_origem_externa":"","ano_origem_externa":null,"data_origem_externa":null,"apelido":"","dias_prazo":null,"data_fim_prazo":null,"em_tramitacao":false,"polemica":false,"objeto":"","complementar":false,"ementa":"Disp\u00f5e sobre a cria\u00e7\u00e3o de treino funcional para crian\u00e7as e adolescentes nas praias do munic\u00edpio de Arma\u00e7\u00e3o dos B\u00fazios d\u00e1 outras provid\u00eancias.","indexacao":"Treino funcional - Crian\u00e7as e Adolescentes - Praias","observacao":"","resultado":"","texto_original":"https://sapl.armacaodosbuzios.rj.leg.br/media/sapl/public/materialegislativa/2025/3921/projeto_de_lei_ordinaria_no_20_de_2025_projeto_de_lei__funcional_infantil.pdf","data_ultima_atualizacao":"2025-06-12T09:29:45.021135-03:00","ip":"192.168.1.64","ultima_edicao":"2025-02-14T10:51:10.982866-03:00","tipo":1,"regime_tramitacao":1,"tipo_origem_externa":null,"local_origem_externa":null,"user":53,"anexadas":[],"autores":[43]}