{"id":3910,"__str__":"Indica\u00e7\u00e3o n\u00ba 17 de 2025","metadata":{},"numero":17,"ano":2025,"numero_protocolo":29,"data_apresentacao":"2025-02-10","tipo_apresentacao":"E","data_publicacao":null,"numero_origem_externa":"","ano_origem_externa":null,"data_origem_externa":null,"apelido":"","dias_prazo":null,"data_fim_prazo":null,"em_tramitacao":false,"polemica":false,"objeto":"","complementar":false,"ementa":"Disp\u00f5e sobre solicitar  ao Exmo. Senhor Prefeito, solicitando a Reforma e Revitaliza\u00e7\u00e3o dos Mirantes de Jo\u00e3o Fernandes, Ferradura e Brava.","indexacao":"Reforma e Revitaliza\u00e7\u00e3o dos Mirantes de Jo\u00e3o Fernandes, Ferradura e Brava","observacao":"","resultado":"","texto_original":"https://sapl.armacaodosbuzios.rj.leg.br/media/sapl/public/materialegislativa/2025/3910/indicacao_no_17_de_2025_victor_santos_de_reforma_dos_mirantes.pdf","data_ultima_atualizacao":"2025-02-17T15:08:17.839666-03:00","ip":"192.168.1.64","ultima_edicao":"2025-02-10T12:08:44.593511-03:00","tipo":10,"regime_tramitacao":1,"tipo_origem_externa":null,"local_origem_externa":null,"user":53,"anexadas":[],"autores":[43]}