{"id":3579,"__str__":"Projeto de Lei Complementar n\u00ba 6 de 2024","metadata":{},"numero":6,"ano":2024,"numero_protocolo":null,"data_apresentacao":"2024-05-24","tipo_apresentacao":"E","data_publicacao":null,"numero_origem_externa":"","ano_origem_externa":null,"data_origem_externa":null,"apelido":"","dias_prazo":null,"data_fim_prazo":null,"em_tramitacao":false,"polemica":false,"objeto":"","complementar":false,"ementa":"Disp\u00f5e sobre o Plano de Cargos, Carreira e Remunera\u00e7\u00e3o dos Profissionais da Educa\u00e7\u00e3o b\u00e1sica do Munic\u00edpio de Arma\u00e7\u00e3o dos B\u00fazios, e d\u00e1 outras provid\u00eancias.","indexacao":"Plano - Cargos - Educa\u00e7\u00e3o","observacao":"","resultado":"","texto_original":"https://sapl.armacaodosbuzios.rj.leg.br/media/sapl/public/materialegislativa/2024/3579/projeto_de_lei_complementar_6-24_prefeito_-_plano_de_cargos_da_educacaodoc03078520240527093734.pdf","data_ultima_atualizacao":"2024-07-10T11:35:52.804805-03:00","ip":"192.168.1.115","ultima_edicao":"2024-05-27T09:41:18.884532-03:00","tipo":3,"regime_tramitacao":1,"tipo_origem_externa":null,"local_origem_externa":null,"user":48,"anexadas":[],"autores":[47]}