{"id":31,"__str__":"Elei\u00e7\u00e3o Comiss\u00f5es Permanentes n\u00ba 1 de 2019","metadata":{},"numero":1,"ano":2019,"numero_protocolo":null,"data_apresentacao":"2019-02-04","tipo_apresentacao":"","data_publicacao":null,"numero_origem_externa":"","ano_origem_externa":null,"data_origem_externa":null,"apelido":"","dias_prazo":null,"data_fim_prazo":null,"em_tramitacao":false,"polemica":false,"objeto":"","complementar":false,"ementa":"Elei\u00e7\u00e3o dos membros das Comiss\u00f5es Permanentes para o bi\u00eanio 2019/2020.","indexacao":"Elei\u00e7\u00e3o dos membros das Comiss\u00f5es Permanentes","observacao":"","resultado":"","texto_original":null,"data_ultima_atualizacao":"2019-03-11T11:51:29.899361-03:00","ip":"","ultima_edicao":null,"tipo":22,"regime_tramitacao":1,"tipo_origem_externa":null,"local_origem_externa":null,"user":null,"anexadas":[],"autores":[31]}