{"id":30,"__str__":"Projeto de Lei Ordin\u00e1ria n\u00ba 3 de 2019","metadata":{},"numero":3,"ano":2019,"numero_protocolo":null,"data_apresentacao":"2019-02-04","tipo_apresentacao":"","data_publicacao":"2019-02-22","numero_origem_externa":"","ano_origem_externa":null,"data_origem_externa":null,"apelido":"","dias_prazo":null,"data_fim_prazo":null,"em_tramitacao":false,"polemica":null,"objeto":"","complementar":null,"ementa":"Disp\u00f5e sobre autorizar ao Poder Executivo a abrir Cr\u00e9dito Adicional Especial ao Or\u00e7amento vigente visando criar fontes de recursos 025 \u2013 Multas, no Programa de Trabalho de \u201cRo\u00e7ada, Capina e Varri\u00e7\u00e3o\u201d e \u201cInfraestrutura Vi\u00e1ria\u201d na Secretaria Municipal de Servi\u00e7os P\u00fablicos no valor total de R$ 100.000,00 (Cem mil reais).","indexacao":"Cr\u00e9dito Adicional Especial","observacao":"","resultado":"","texto_original":"https://sapl.armacaodosbuzios.rj.leg.br/media/sapl/public/materialegislativa/2019/30/doc040219-04022019112527.pdf","data_ultima_atualizacao":"2019-03-21T18:40:40.365504-03:00","ip":"","ultima_edicao":null,"tipo":1,"regime_tramitacao":1,"tipo_origem_externa":null,"local_origem_externa":null,"user":null,"anexadas":[],"autores":[29]}