{"id":292,"__str__":"Solicita\u00e7\u00e3o de uso do Plen\u00e1rio n\u00ba 1 de 2019","metadata":{},"numero":1,"ano":2019,"numero_protocolo":325,"data_apresentacao":"2019-06-17","tipo_apresentacao":"E","data_publicacao":null,"numero_origem_externa":"","ano_origem_externa":null,"data_origem_externa":null,"apelido":"","dias_prazo":null,"data_fim_prazo":null,"em_tramitacao":false,"polemica":null,"objeto":"","complementar":null,"ementa":"Primeiro Encontro Estadual de Presidentes e Vereadores do Estado do Rio de Janeiro","indexacao":"","observacao":"","resultado":"","texto_original":null,"data_ultima_atualizacao":"2019-07-03T15:38:54.461796-03:00","ip":"","ultima_edicao":null,"tipo":31,"regime_tramitacao":1,"tipo_origem_externa":null,"local_origem_externa":null,"user":null,"anexadas":[],"autores":[4]}