{"id":288,"__str__":"Indica\u00e7\u00e3o n\u00ba 126 de 2019","metadata":{},"numero":126,"ano":2019,"numero_protocolo":321,"data_apresentacao":"2019-06-17","tipo_apresentacao":"E","data_publicacao":null,"numero_origem_externa":"","ano_origem_externa":null,"data_origem_externa":null,"apelido":"","dias_prazo":null,"data_fim_prazo":null,"em_tramitacao":false,"polemica":false,"objeto":"","complementar":false,"ementa":"Disp\u00f5e sobre solicitar ao Exmo. Sr. Prefeito a cria\u00e7\u00e3o de uma Exposi\u00e7\u00e3o Permanente da hist\u00f3ria de Arma\u00e7\u00e3o dos B\u00fazios com tema: \u201cB\u00fazios  - Construindo uma identidade\".","indexacao":"exposi\u00e7\u00e3o permanente historia identidade","observacao":"","resultado":"","texto_original":"https://sapl.armacaodosbuzios.rj.leg.br/media/sapl/public/materialegislativa/2019/288/126.2019_-_ind_-_v._dom_exposicao_permanente.pdf","data_ultima_atualizacao":"2024-04-15T14:28:32.738558-03:00","ip":"192.168.88.117","ultima_edicao":null,"tipo":10,"regime_tramitacao":1,"tipo_origem_externa":null,"local_origem_externa":null,"user":10,"anexadas":[],"autores":[12]}