{"id":281,"__str__":"Indica\u00e7\u00e3o n\u00ba 122 de 2019","metadata":{},"numero":122,"ano":2019,"numero_protocolo":298,"data_apresentacao":"2019-06-10","tipo_apresentacao":"E","data_publicacao":null,"numero_origem_externa":"","ano_origem_externa":null,"data_origem_externa":null,"apelido":"","dias_prazo":null,"data_fim_prazo":null,"em_tramitacao":false,"polemica":false,"objeto":"","complementar":false,"ementa":"Disp\u00f5e sobre solicitar ao Exmo. Sr. Prefeito que seja colocada ilumina\u00e7\u00e3o em toda a extens\u00e3o do p\u00eder do Centro e Arma\u00e7\u00e3o.","indexacao":"ilumina\u00e7\u00e3o p\u00eder Centro Arma\u00e7\u00e3o.","observacao":"","resultado":"","texto_original":"https://sapl.armacaodosbuzios.rj.leg.br/media/sapl/public/materialegislativa/2019/281/122.2019_-_ind_-_v._niltinho_-_iluminacao_pier.pdf","data_ultima_atualizacao":"2019-08-29T09:27:19.889276-03:00","ip":"192.168.88.199","ultima_edicao":null,"tipo":10,"regime_tramitacao":1,"tipo_origem_externa":null,"local_origem_externa":null,"user":10,"anexadas":[],"autores":[8]}