{"id":2786,"__str__":"Projeto de Lei Complementar n\u00ba 3 de 2023","metadata":{},"numero":3,"ano":2023,"numero_protocolo":null,"data_apresentacao":"2023-03-24","tipo_apresentacao":"E","data_publicacao":null,"numero_origem_externa":"16","ano_origem_externa":2023,"data_origem_externa":null,"apelido":"","dias_prazo":null,"data_fim_prazo":null,"em_tramitacao":false,"polemica":false,"objeto":"","complementar":true,"ementa":"Disp\u00f5e sobre instituir o Plano de Cargos, Carreiras e Remunera\u00e7\u00e3o para os servidores do segmento t\u00e9cnico e administrativo do poder Executivo do munic\u00edpio de Arma\u00e7\u00e3o dos B\u00fazios e d\u00e1 outras provid\u00eancias.","indexacao":"Plano - Cargos - Segmento t\u00e9cnico - Executivo","observacao":"","resultado":"","texto_original":"https://sapl.armacaodosbuzios.rj.leg.br/media/sapl/public/materialegislativa/2023/2786/of_gapre_140.23_mensagem_16.23_pdl_03.23_plano_cargos.pdf","data_ultima_atualizacao":"2023-12-14T16:00:35.198356-03:00","ip":"192.168.1.229","ultima_edicao":"2023-12-14T16:00:35.043409-03:00","tipo":3,"regime_tramitacao":1,"tipo_origem_externa":26,"local_origem_externa":null,"user":10,"anexadas":[],"autores":[47]}