{"id":2443,"__str__":"Projeto de Lei Ordin\u00e1ria n\u00ba 83 de 2022","link_detail_backend":"/materia/2443","metadata":{},"numero":83,"ano":2022,"numero_protocolo":null,"data_apresentacao":"2022-08-24","tipo_apresentacao":"E","data_publicacao":null,"numero_origem_externa":"","ano_origem_externa":null,"data_origem_externa":null,"apelido":"","dias_prazo":null,"data_fim_prazo":null,"em_tramitacao":false,"polemica":false,"objeto":"","complementar":false,"ementa":"Disp\u00f5e sobre a cria\u00e7\u00e3o do Coral Municipal de Arma\u00e7\u00e3o dos B\u00fazios, e d\u00e1 outras provid\u00eancias.","indexacao":"cria\u00e7\u00e3o do Coral Municipal de Arma\u00e7\u00e3o dos B\u00fazios","observacao":"","resultado":"","texto_original":"http://sapl.armacaodosbuzios.rj.leg.br/media/sapl/public/materialegislativa/2022/2443/mensagem_53.2022.pdf","data_ultima_atualizacao":"2022-10-07T08:14:40.618422-03:00","ip":"192.168.1.115","ultima_edicao":"2022-08-24T10:25:16.863790-03:00","tipo":1,"regime_tramitacao":1,"tipo_origem_externa":null,"local_origem_externa":null,"user":40,"anexadas":[],"autores":[47]}