{"id":2429,"__str__":"Projeto de Decreto Legislativo n\u00ba 60 de 2022","link_detail_backend":"/materia/2429","metadata":{},"numero":60,"ano":2022,"numero_protocolo":338,"data_apresentacao":"2022-08-17","tipo_apresentacao":"E","data_publicacao":null,"numero_origem_externa":"","ano_origem_externa":null,"data_origem_externa":null,"apelido":"","dias_prazo":null,"data_fim_prazo":null,"em_tramitacao":false,"polemica":false,"objeto":"","complementar":false,"ementa":"Disp\u00f5e sobre outorgar o T\u00edtulo Honor\u00edfico de Cidad\u00e3o B\u00faziano ao Sr. Guaraci de Campos Vianna, que ser\u00e1 entregue na Sess\u00e3o Solene da C\u00e2mara Municipal.","indexacao":"T\u00edtulo Honor\u00edfico de Cidad\u00e3o B\u00faziano ao Sr. Guaraci de Campos Vianna","observacao":"","resultado":"","texto_original":"http://sapl.armacaodosbuzios.rj.leg.br/media/sapl/public/materialegislativa/2022/2429/pdl60.2022_rafael_cidadao_buzios_guaraci.pdf","data_ultima_atualizacao":"2022-09-12T08:50:35.804488-03:00","ip":"192.168.1.115","ultima_edicao":"2022-08-17T09:23:58.326590-03:00","tipo":2,"regime_tramitacao":1,"tipo_origem_externa":null,"local_origem_externa":null,"user":40,"anexadas":[],"autores":[42]}