{"id":2393,"__str__":"Mo\u00e7\u00e3o n\u00ba 15 de 2022","metadata":{},"numero":15,"ano":2022,"numero_protocolo":310,"data_apresentacao":"2022-08-03","tipo_apresentacao":"E","data_publicacao":null,"numero_origem_externa":"","ano_origem_externa":null,"data_origem_externa":null,"apelido":"","dias_prazo":null,"data_fim_prazo":null,"em_tramitacao":false,"polemica":false,"objeto":"","complementar":false,"ementa":"Disp\u00f5e sobre conceder Mo\u00e7\u00e3o de Congratula\u00e7\u00f5es e Aplausos \u00e0 Associa\u00e7\u00e3o dos Motoristas Taxistas de Arma\u00e7\u00e3o dos B\u00fazios \u2013 ASTAB.","indexacao":"Mo\u00e7\u00e3o de Congratula\u00e7\u00f5es e Aplausos \u00e0 Associa\u00e7\u00e3o dos Motoristas Taxistas de Arma\u00e7\u00e3o dos B\u00fazios \u2013 ASTAB.","observacao":"","resultado":"","texto_original":"https://sapl.armacaodosbuzios.rj.leg.br/media/sapl/public/materialegislativa/2022/2393/mocao15.2022_uriel_astab_-_mocao.pdf","data_ultima_atualizacao":"2024-04-15T14:21:57.391363-03:00","ip":"192.168.1.115","ultima_edicao":"2022-08-03T10:27:37.954293-03:00","tipo":6,"regime_tramitacao":1,"tipo_origem_externa":null,"local_origem_externa":null,"user":40,"anexadas":[],"autores":[48]}